{"id":4472,"date":"2018-12-20T09:10:00","date_gmt":"2018-12-20T08:10:00","guid":{"rendered":"https:\/\/www.swiss1chirurgie.ch\/joyeux-noel-et-bonne-annee\/"},"modified":"2024-07-15T17:10:47","modified_gmt":"2024-07-15T15:10:47","slug":"joyeux-noel-et-bonne-annee","status":"publish","type":"post","link":"https:\/\/www.swiss1chirurgie.ch\/fr\/joyeux-noel-et-bonne-annee\/","title":{"rendered":"Joyeux No\u00ebl et bonne ann\u00e9e !"},"content":{"rendered":"\n<p>Au cabinet swiss1chirurgie, nous souhaitons \u00e0 nos patients, \u00e0 nos r\u00e9f\u00e9rents, \u00e0 nos collaborateurs, \u00e0 nos partenaires et \u00e0 nos coll\u00e8gues un joyeux No\u00ebl et une bonne ann\u00e9e !<\/p>\n\n<p>L&rsquo;ann\u00e9e 2018 a \u00e9t\u00e9 une ann\u00e9e formidable pour beaucoup d&rsquo;entre nous ! Mais pour certains, elle est aussi synonyme de souffrance, de douleur, de maladie et de deuil. Nous pensons \u00e0 ceux que nous n&rsquo;avons pas pu sauver malgr\u00e9 tous nos efforts et nos pens\u00e9es vont \u00e0 leurs proches.<\/p>\n\n<p>Nous travaillons toujours avec le plus grand savoir et la plus grande conscience. Nos chirurgiens, le Dr Zehetner et le Dr Steffen, s&rsquo;efforcent toujours d&rsquo;obtenir le meilleur r\u00e9sultat possible pour chaque individu.<\/p>\n\n<p>Pour l&rsquo;ann\u00e9e 2019, nous souhaitons \u00e0 tous une bonne sant\u00e9, beaucoup de motivation, de bonnes r\u00e9solutions et aussi une bonne r\u00e9ussite dans la mise en \u0153uvre de ces r\u00e9solutions !<\/p>\n\n<p>Notre cabinet sera ferm\u00e9 du 22.12.2018 au 06.01.2019 inclus. Nous serons alors \u00e0 nouveau disponibles et motiv\u00e9s au sein du cabinet swiss1chirurgie pour r\u00e9pondre \u00e0 vos inscriptions, demandes et souhaits. En cas d&rsquo;urgence, les chirurgiens du service de chirurgie visc\u00e9rale bernoise de la Klinik Beau-Site sont toutefois \u00e0 votre disposition. En cas d&rsquo;urgence, veuillez utiliser la clinique Beau-Site, qui est ouverte 24 heures sur 24 pour les urgences.<\/p>\n\n<h2 class=\"wp-block-heading\">Qu&rsquo;y aura-t-il de nouveau en 2019 ?<\/h2>\n\n<p><strong>Op\u00e9rations ambulatoires dans le canton de Berne<\/strong><\/p>\n\n<p>Cela concerne notre pratique dans le domaine de l&rsquo;op\u00e9ration des #h\u00e9morro\u00efdes ou des op\u00e9rations de #hernies inguinales unilat\u00e9rales. Ici, nous vous informons sur les changements possibles lors d&rsquo;un entretien dans notre cabinet.<\/p>\n\n<p><strong>Site web \/ Blogs d&rsquo;information \/ M\u00e9dias sociaux<\/strong><\/p>\n\n<p>Nous serons encore plus motiv\u00e9s pour mettre \u00e0 jour nos canaux afin de fournir les meilleures informations possibles sur notre pratique #swiss1chirurgie. Nous pr\u00e9voyons d&rsquo;organiser des conf\u00e9rences et des interventions sur le th\u00e8me du #reflux (br\u00fblures d&rsquo;estomac, remont\u00e9es acides) et de l&rsquo;#ob\u00e9sit\u00e9 (traitement m\u00e9dicamenteux, traitement chirurgical). Consultez r\u00e9guli\u00e8rement nos pages <a href=\"https:\/\/www.zfbc.ch\/\" rel=\"nofollow noopener\" target=\"_blank\">www.zfbc.ch<\/a> et <a href=\"https:\/\/www.swiss1chirurgie.ch\/?lang=fr\">www.swiss1chirurgie.ch<\/a>.<\/p>\n\n<p><strong>Pour tous \u00e0 Berne et dans les environs<\/strong><\/p>\n\n<p>Nous nous inscrirons en tant que groupe zfbc (Centre de chirurgie bariatrique) au Bern GP pour la course de la vieille ville (5km). Et ce, en groupe, avec nos collaborateurs et nos patients, si quelqu&rsquo;un est int\u00e9ress\u00e9 \u00e0 courir avec nous. Vous trouverez ici les principales informations concernant l&rsquo;inscription et le programme du #BernGP \u00e0 partir de janvier.<\/p>\n","protected":false},"excerpt":{"rendered":"Au cabinet swiss1chirurgie, nous souhaitons \u00e0 nos patients, \u00e0 nos r\u00e9f\u00e9rents, \u00e0 nos collaborateurs, \u00e0 nos partenaires et \u00e0 nos coll\u00e8gues un joyeux No\u00ebl et une bonne ann\u00e9e ! L&rsquo;ann\u00e9e 2018 a \u00e9t\u00e9 une ann\u00e9e formidable pour beaucoup d&rsquo;entre nous ! Mais pour certains, elle est aussi synonyme de souffrance, de douleur, de maladie et de deuil. Nous pensons \u00e0 ceux que nous n&rsquo;avons pas pu sauver malgr\u00e9 tous nos efforts et nos pens\u00e9es vont \u00e0 leurs proches. Nous travaillons [&hellip;]","protected":false},"author":2,"featured_media":2447,"comment_status":"closed","ping_status":"closed","sticky":false,"template":"","format":"standard","meta":{"_acf_changed":false,"footnotes":""},"categories":[1813,875],"tags":[1511,1660,1717,1508,1496],"class_list":["post-4472","post","type-post","status-publish","format-standard","has-post-thumbnail","hentry","category-archive-fr","category-non-classifiee","tag-berne","tag-chirurgie-fr","tag-hemorroides","tag-hernies-inguinales","tag-swiss1chirurgie-fr"],"acf":[],"_links":{"self":[{"href":"https:\/\/www.swiss1chirurgie.ch\/fr\/wp-json\/wp\/v2\/posts\/4472","targetHints":{"allow":["GET"]}}],"collection":[{"href":"https:\/\/www.swiss1chirurgie.ch\/fr\/wp-json\/wp\/v2\/posts"}],"about":[{"href":"https:\/\/www.swiss1chirurgie.ch\/fr\/wp-json\/wp\/v2\/types\/post"}],"author":[{"embeddable":true,"href":"https:\/\/www.swiss1chirurgie.ch\/fr\/wp-json\/wp\/v2\/users\/2"}],"replies":[{"embeddable":true,"href":"https:\/\/www.swiss1chirurgie.ch\/fr\/wp-json\/wp\/v2\/comments?post=4472"}],"version-history":[{"count":1,"href":"https:\/\/www.swiss1chirurgie.ch\/fr\/wp-json\/wp\/v2\/posts\/4472\/revisions"}],"predecessor-version":[{"id":29635,"href":"https:\/\/www.swiss1chirurgie.ch\/fr\/wp-json\/wp\/v2\/posts\/4472\/revisions\/29635"}],"wp:featuredmedia":[{"embeddable":true,"href":"https:\/\/www.swiss1chirurgie.ch\/fr\/wp-json\/"}],"wp:attachment":[{"href":"https:\/\/www.swiss1chirurgie.ch\/fr\/wp-json\/wp\/v2\/media?parent=4472"}],"wp:term":[{"taxonomy":"category","embeddable":true,"href":"https:\/\/www.swiss1chirurgie.ch\/fr\/wp-json\/wp\/v2\/categories?post=4472"},{"taxonomy":"post_tag","embeddable":true,"href":"https:\/\/www.swiss1chirurgie.ch\/fr\/wp-json\/wp\/v2\/tags?post=4472"}],"curies":[{"name":"wp","href":"https:\/\/api.w.org\/{rel}","templated":true}]}}