{"id":4470,"date":"2019-06-17T09:13:00","date_gmt":"2019-06-17T07:13:00","guid":{"rendered":"https:\/\/www.swiss1chirurgie.ch\/swiss1chirurgie-avec-un-nouveau-site-a-brigue\/"},"modified":"2024-07-15T17:09:30","modified_gmt":"2024-07-15T15:09:30","slug":"swiss1chirurgie-avec-un-nouveau-site-a-brigue","status":"publish","type":"post","link":"https:\/\/www.swiss1chirurgie.ch\/fr\/swiss1chirurgie-avec-un-nouveau-site-a-brigue\/","title":{"rendered":"Swiss1Chirurgie avec un nouveau site \u00e0 Brigue"},"content":{"rendered":"\n<p>Avec le nouveau cabinet de Brigue, Swiss1Chirurgie, dirig\u00e9 par le professeur Dr J\u00f6rg Zehetner, s&rsquo;est d\u00e9sormais install\u00e9 dans le Haut-Valais. Avec la sp\u00e9cialisation dans la chirurgie de l&rsquo;ob\u00e9sit\u00e9, le traitement des hernies abdominales et les maladies de reflux, la population de la r\u00e9gion dispose ainsi d&rsquo;une offre m\u00e9dicale qui devrait \u00eatre unique en Valais dans cette sp\u00e9cialisation.<\/p>\n<\/p>\n<p><!-- \/wp:post-content --><!-- wp:image {\"id\":3799} --><\/p>\n<figure class=\"wp-block-image\"><img decoding=\"async\" class=\"wp-image-3799\" src=\"https:\/\/www.drzehetner.ch\/wp-content\/uploads\/2019\/06\/joerg2-1024x681.jpeg\" alt=\"\"><figcaption>(de gauche \u00e0 droite) Dr Urs Summermatter, Professeur Dr J\u00f6rg Zehetner<\/figcaption><\/figure>\n<p><!-- \/wp:image --><!-- wp:paragraph --><\/p>\n<p>Jusqu&rsquo;\u00e0 pr\u00e9sent, les prestations m\u00e9dicales sp\u00e9cialis\u00e9es du professeur Dr Zehetner concernaient les zones de chalandise de Berne et, depuis peu, de Soleure. En s&rsquo;engageant dans le centre m\u00e9dical Praxis Dr. Summermatter \u00e0 la Bahnhofstrasse 1 \u00e0 Brigue, le chirurgien sp\u00e9cialis\u00e9 met d\u00e9sormais ses prestations professionnelles directement \u00e0 disposition en Valais. Cela semble \u00eatre une n\u00e9cessit\u00e9, car l&rsquo;offre de ce type de services sp\u00e9cialis\u00e9s \u00e9tait plut\u00f4t maigre, voire inexistante.<\/p>\n<p><!-- \/wp:paragraph --><!-- wp:paragraph --><\/p>\n<p>Le travail dans le nouveau centre m\u00e9dical est soutenu par son coll\u00e8gue Dr. med. Alejandro Metzger, qui est \u00e9galement sp\u00e9cialis\u00e9 dans la chirurgie de l&rsquo;ob\u00e9sit\u00e9 et du ventre. Ainsi, une offre professionnelle peut \u00eatre \u00e9tablie en Valais sous la banni\u00e8re de Swiss1Chirurgie. Il est int\u00e9ressant de noter qu&rsquo;un sp\u00e9cialiste de la chirurgie esth\u00e9tique, cosm\u00e9tique et reconstructive s&rsquo;est install\u00e9 directement dans le centre m\u00e9dical. Dans de nombreux cas de chirurgie de l&rsquo;ob\u00e9sit\u00e9, cela peut \u00eatre un \u00e9l\u00e9ment compl\u00e9mentaire qui assure le r\u00e9tablissement d&rsquo;un parfait \u00e9tat de sant\u00e9 et de bien-\u00eatre esth\u00e9tique pour les patients. Il est donc judicieux que le cabinet du Dr Summermatter propose \u00e9galement des prestations sp\u00e9ciales de conseil en nutrition. Le professeur Zehetner et son coll\u00e8gue, le docteur Metzger, ont ainsi boucl\u00e9 la boucle des comp\u00e9tences m\u00e9dicales.<\/p>\n<p><!-- \/wp:paragraph --><!-- wp:image {\"id\":3802} --><\/p>\n<figure class=\"wp-block-image\"><img decoding=\"async\" class=\"wp-image-3802\" src=\"https:\/\/www.drzehetner.ch\/wp-content\/uploads\/2019\/06\/Joerg1-1024x683.jpeg\" alt=\"\"><\/p>\n<figcaption>(de gauche \u00e0 droite) Dr. med. Alejandro Metzger, Professeur Dr. J\u00f6rg Zehetner et Dr. med. David Kiermeir<\/figcaption><\/figure>\n<p><!-- \/wp:image --><!-- wp:paragraph --><\/p>\n<p>Le fait que l&rsquo;offre des sp\u00e9cialistes en chirurgie bariatrique soit tr\u00e8s bien accept\u00e9e, notamment ici dans le Haut-Valais, s&rsquo;est d\u00e9j\u00e0 manifest\u00e9 lors de l&rsquo;ouverture du cabinet avec une journ\u00e9e portes ouvertes. Pendant plus de huit heures, le professeur Zehetner et le docteur Metzger ont r\u00e9pondu aux questions des visiteurs int\u00e9ress\u00e9s et des coll\u00e8gues invit\u00e9s. Cela prouve qu&rsquo;il existe ici un grand besoin de prestations sp\u00e9cialis\u00e9es dans la chirurgie de l&rsquo;ob\u00e9sit\u00e9 et le traitement des maladies de reflux, qui peut d\u00e9sormais \u00eatre satisfait dans les nouvelles salles de traitement de Swiss1Chirurgie.<\/p>\n<p><!-- \/wp:paragraph --><!-- wp:image {\"id\":3805} --><\/p>\n<figure class=\"wp-block-image\"><img decoding=\"async\" class=\"wp-image-3805\" src=\"https:\/\/www.drzehetner.ch\/wp-content\/uploads\/2019\/06\/jo%CC%88rg5-1024x681.jpeg\" alt=\"\"><\/p>\n<figcaption>Entretien avec le Dr Alejandro Metzger et le professeur Dr J\u00f6rg Zehetner<\/figcaption><\/figure>\n<p><!-- \/wp:image --><!-- wp:paragraph --><\/p>\n<p><!-- \/wp:paragraph --><!-- wp:button {\"backgroundColor\":\"vivid-red\",\"textColor\":\"very-light-gray\"} --><\/p>\n<div class=\"wp-block-button\"><a class=\"wp-block-button__link has-text-color has-very-light-gray-color has-background has-vivid-red-background-color\" href=\"https:\/\/www.summermatter.biz\/\" rel=\"nofollow noopener\" target=\"_blank\">Pour en savoir plus sur le nouveau site, cliquez ici<\/a><\/div>\n","protected":false},"excerpt":{"rendered":"Avec le nouveau cabinet de Brigue, Swiss1Chirurgie, dirig\u00e9 par le professeur Dr J\u00f6rg Zehetner, s&rsquo;est d\u00e9sormais install\u00e9 dans le Haut-Valais. Avec la sp\u00e9cialisation dans la chirurgie de l&rsquo;ob\u00e9sit\u00e9, le traitement des hernies abdominales et les maladies de reflux, la population de la r\u00e9gion dispose ainsi d&rsquo;une offre m\u00e9dicale qui devrait \u00eatre unique en Valais dans cette sp\u00e9cialisation. (de gauche \u00e0 droite) Dr Urs Summermatter, Professeur Dr J\u00f6rg Zehetner Jusqu&rsquo;\u00e0 pr\u00e9sent, les prestations m\u00e9dicales sp\u00e9cialis\u00e9es du professeur Dr Zehetner concernaient les [&hellip;]","protected":false},"author":2,"featured_media":2449,"comment_status":"closed","ping_status":"closed","sticky":false,"template":"","format":"standard","meta":{"_acf_changed":false,"footnotes":""},"categories":[1813,875],"tags":[1512,1713,1489,931,1793,1799,1693,1537,1770,1069],"class_list":["post-4470","post","type-post","status-publish","format-standard","has-post-thumbnail","hentry","category-archive-fr","category-non-classifiee","tag-brigue","tag-centre-medical","tag-chirurgie-de-lobesite","tag-dr-med-alejandro-metzger","tag-dr-med-david-kiermeir-2","tag-dr-med-urs-summermatter-2","tag-haut-valais","tag-maladie-de-reflux","tag-summermatter-2","tag-valais"],"acf":[],"_links":{"self":[{"href":"https:\/\/www.swiss1chirurgie.ch\/fr\/wp-json\/wp\/v2\/posts\/4470","targetHints":{"allow":["GET"]}}],"collection":[{"href":"https:\/\/www.swiss1chirurgie.ch\/fr\/wp-json\/wp\/v2\/posts"}],"about":[{"href":"https:\/\/www.swiss1chirurgie.ch\/fr\/wp-json\/wp\/v2\/types\/post"}],"author":[{"embeddable":true,"href":"https:\/\/www.swiss1chirurgie.ch\/fr\/wp-json\/wp\/v2\/users\/2"}],"replies":[{"embeddable":true,"href":"https:\/\/www.swiss1chirurgie.ch\/fr\/wp-json\/wp\/v2\/comments?post=4470"}],"version-history":[{"count":1,"href":"https:\/\/www.swiss1chirurgie.ch\/fr\/wp-json\/wp\/v2\/posts\/4470\/revisions"}],"predecessor-version":[{"id":29641,"href":"https:\/\/www.swiss1chirurgie.ch\/fr\/wp-json\/wp\/v2\/posts\/4470\/revisions\/29641"}],"wp:featuredmedia":[{"embeddable":true,"href":"https:\/\/www.swiss1chirurgie.ch\/fr\/wp-json\/"}],"wp:attachment":[{"href":"https:\/\/www.swiss1chirurgie.ch\/fr\/wp-json\/wp\/v2\/media?parent=4470"}],"wp:term":[{"taxonomy":"category","embeddable":true,"href":"https:\/\/www.swiss1chirurgie.ch\/fr\/wp-json\/wp\/v2\/categories?post=4470"},{"taxonomy":"post_tag","embeddable":true,"href":"https:\/\/www.swiss1chirurgie.ch\/fr\/wp-json\/wp\/v2\/tags?post=4470"}],"curies":[{"name":"wp","href":"https:\/\/api.w.org\/{rel}","templated":true}]}}