{"id":4463,"date":"2019-08-13T09:25:00","date_gmt":"2019-08-13T07:25:00","guid":{"rendered":"https:\/\/www.swiss1chirurgie.ch\/seance-dinformation-proteines\/"},"modified":"2024-07-15T17:04:39","modified_gmt":"2024-07-15T15:04:39","slug":"seance-dinformation-proteines","status":"publish","type":"post","link":"https:\/\/www.swiss1chirurgie.ch\/fr\/seance-dinformation-proteines\/","title":{"rendered":"S\u00e9ance d&rsquo;information Prot\u00e9ines"},"content":{"rendered":"\n<p>Prot\u00e9ines, glucides, lipides. Ce sont les \u00e9l\u00e9ments essentiels de notre alimentation. Lors de la s\u00e9ance d&rsquo;information sur les prot\u00e9ines, la di\u00e9t\u00e9ticienne Deborah Beyli, BSc BHF, pr\u00e9sentera le r\u00f4le des prot\u00e9ines dans le syst\u00e8me de notre alimentation et les effets d&rsquo;un apport insuffisant ou excessif de prot\u00e9ines dans l&rsquo;organisme. Entr\u00e9e gratuite. La s\u00e9ance d&rsquo;information n&rsquo;est ouverte qu&rsquo;\u00e0 un nombre limit\u00e9 de participants. Il est donc demand\u00e9 de s&rsquo;inscrire.<\/p>\n<p>Date\/lieu : jeudi 19.09.2019, de 19h15 \u00e0 20h15, Centre de chirurgie bariatrique. Seilerstrasse 8, 3. Stock, Berne<\/p>\n<p>Inscription avec nom, pr\u00e9nom, num\u00e9ro de Natel par mail \u00e0 <a href=\"mailto:bc@hin.ch\">bc@hin.ch<\/a><\/p>\n<p><a href=\"https:\/\/www.swiss1chirurgie.ch\/wp-content\/uploads\/2019\/08\/zfbc-logo-main-s.png\"><img loading=\"lazy\" decoding=\"async\" class=\"size-full wp-image-4307 alignnone\" src=\"https:\/\/www.swiss1chirurgie.ch\/wp-content\/uploads\/2019\/08\/zfbc-logo-main-s.png\" alt=\"\" width=\"256\" height=\"60\"\/><\/a><\/p>\n<p>Plus d&rsquo;informations sur <a href=\"http:\/\/www.swiss1chirurgie.ch\/eventsdetails\/?action=evrplusegister&#038;event_id=2\">www.swiss1chirurgie.ch\/eventsdetails\/?action=evrplusegister&#038;event_id=2<\/a><\/p>\n<p>Plus d&rsquo;informations :<\/p>\n<table class=\"widefat\"><tbody><tr><td>[eventsplus_single event_id=\u00a0\u00bb2&Prime;]<\/td>\n<\/tr><\/tbody><\/table><p>Les prochains \u00e9v\u00e9nements :<\/p>\n<p><b>[eventsplus_grid]<\/b><\/p>\n<p> <\/p>\n","protected":false},"excerpt":{"rendered":"Prot\u00e9ines, glucides, lipides. Ce sont les \u00e9l\u00e9ments essentiels de notre alimentation. Lors de la s\u00e9ance d&rsquo;information sur les prot\u00e9ines, la di\u00e9t\u00e9ticienne Deborah Beyli, BSc BHF, pr\u00e9sentera le r\u00f4le des prot\u00e9ines dans le syst\u00e8me de notre alimentation et les effets d&rsquo;un apport insuffisant ou excessif de prot\u00e9ines dans l&rsquo;organisme. Entr\u00e9e gratuite. La s\u00e9ance d&rsquo;information n&rsquo;est ouverte qu&rsquo;\u00e0 un nombre limit\u00e9 de participants. Il est donc demand\u00e9 de s&rsquo;inscrire. Date\/lieu : jeudi 19.09.2019, de 19h15 \u00e0 20h15, Centre de chirurgie bariatrique. Seilerstrasse [&hellip;]","protected":false},"author":2,"featured_media":2456,"comment_status":"closed","ping_status":"closed","sticky":false,"template":"","format":"standard","meta":{"_acf_changed":false,"footnotes":""},"categories":[1813],"tags":[1694,1695,1696,1588],"class_list":["post-4463","post","type-post","status-publish","format-standard","has-post-thumbnail","hentry","category-archive-fr","tag-grosse","tag-hydrates-de-carbone","tag-proteines","tag-zfbc-fr"],"acf":[],"_links":{"self":[{"href":"https:\/\/www.swiss1chirurgie.ch\/fr\/wp-json\/wp\/v2\/posts\/4463","targetHints":{"allow":["GET"]}}],"collection":[{"href":"https:\/\/www.swiss1chirurgie.ch\/fr\/wp-json\/wp\/v2\/posts"}],"about":[{"href":"https:\/\/www.swiss1chirurgie.ch\/fr\/wp-json\/wp\/v2\/types\/post"}],"author":[{"embeddable":true,"href":"https:\/\/www.swiss1chirurgie.ch\/fr\/wp-json\/wp\/v2\/users\/2"}],"replies":[{"embeddable":true,"href":"https:\/\/www.swiss1chirurgie.ch\/fr\/wp-json\/wp\/v2\/comments?post=4463"}],"version-history":[{"count":1,"href":"https:\/\/www.swiss1chirurgie.ch\/fr\/wp-json\/wp\/v2\/posts\/4463\/revisions"}],"predecessor-version":[{"id":29662,"href":"https:\/\/www.swiss1chirurgie.ch\/fr\/wp-json\/wp\/v2\/posts\/4463\/revisions\/29662"}],"wp:featuredmedia":[{"embeddable":true,"href":"https:\/\/www.swiss1chirurgie.ch\/fr\/wp-json\/"}],"wp:attachment":[{"href":"https:\/\/www.swiss1chirurgie.ch\/fr\/wp-json\/wp\/v2\/media?parent=4463"}],"wp:term":[{"taxonomy":"category","embeddable":true,"href":"https:\/\/www.swiss1chirurgie.ch\/fr\/wp-json\/wp\/v2\/categories?post=4463"},{"taxonomy":"post_tag","embeddable":true,"href":"https:\/\/www.swiss1chirurgie.ch\/fr\/wp-json\/wp\/v2\/tags?post=4463"}],"curies":[{"name":"wp","href":"https:\/\/api.w.org\/{rel}","templated":true}]}}