{"id":4462,"date":"2019-08-28T14:14:00","date_gmt":"2019-08-28T12:14:00","guid":{"rendered":"https:\/\/www.swiss1chirurgie.ch\/swiss1chirurgie-ouvre-un-nouveau-site-a-brigue\/"},"modified":"2024-07-15T17:02:40","modified_gmt":"2024-07-15T15:02:40","slug":"swiss1chirurgie-ouvre-un-nouveau-site-a-brigue","status":"publish","type":"post","link":"https:\/\/www.swiss1chirurgie.ch\/fr\/swiss1chirurgie-ouvre-un-nouveau-site-a-brigue\/","title":{"rendered":"Swiss1Chirurgie ouvre un nouveau site \u00e0 Brigue"},"content":{"rendered":"<\/p>\n\n<p><\/p>\n<p>L&rsquo;ouverture du nouveau cabinet de Swiss1Chirurgie \u00e0 Brigue a \u00e9t\u00e9 un v\u00e9ritable moment fort pour les invit\u00e9s, les visiteurs professionnels et bien s\u00fbr pour l&rsquo;\u00e9quipe du Dr J\u00f6rg Zehetner. Dans un petit discours, le m\u00e9decin sp\u00e9cialiste de la chirurgie abdominale et du traitement du reflux a rendu hommage aux grandes prestations des ex\u00e9cutants des travaux et s&rsquo;est r\u00e9joui de la mise en \u0153uvre r\u00e9ussie des id\u00e9es d&rsquo;am\u00e9nagement dans les locaux du cabinet. Les visiteurs de la manifestation d&rsquo;ouverture ont \u00e9galement fait part de leur enthousiasme, et pas seulement lors des visites guid\u00e9es des locaux.<\/p>\n<p>\n<\/p>\n<p><img decoding=\"async\" src=\"https:\/\/www.swiss1chirurgie.ch\/wp-content\/uploads\/2019\/08\/DSC06913-1024x681.jpeg\"><\/p>\n<p>Les personnes pr\u00e9sentes ont manifest\u00e9 un tr\u00e8s grand int\u00e9r\u00eat pour l&rsquo;offre m\u00e9dicale du cabinet Swiss1Chirurgie \u00e0 Brigue. Ainsi, c&rsquo;est surtout le Dr J\u00f6rg Zehetner qui est all\u00e9 d&rsquo;une conversation \u00e0 l&rsquo;autre et ne s&rsquo;est pas content\u00e9 d&rsquo;informer sur l&rsquo;offre de prestations, par exemple dans le traitement chirurgical de l&rsquo;ob\u00e9sit\u00e9. C&rsquo;est ainsi que les premi\u00e8res questions individuelles sont arriv\u00e9es, accompagn\u00e9es des premiers diagnostics et de la fixation des dates des consultations et interventions \u00e0 venir.<\/p>\n<p>Pour tous ceux qui ont pu \u00eatre pr\u00e9sents lors de l&rsquo;ouverture du cabinet Swiss1Chirurgie \u00e0 Brigue le 26 ao\u00fbt 2019, ce fut un rendez-vous aussi int\u00e9ressant qu&rsquo;instructif. Notamment parce qu&rsquo;une nouvelle offre m\u00e9dicale a ainsi pu \u00eatre cr\u00e9\u00e9e \u00e0 Brigue, ce qui a d\u00e9j\u00e0 rencontr\u00e9 une grande acceptation dans les autres sites de Swiss1Chirurgie, conform\u00e9ment \u00e0 un besoin croissant.<\/p>\n\n<figure class=\"wp-block-image\"><img decoding=\"async\" src=\"https:\/\/www.swiss1chirurgie.ch\/wp-content\/uploads\/2019\/08\/DSC06928-1024x681.jpeg\" alt=\"\"\/><\/figure>\n<p>Bahnhofstrasse 1, 3900 Brig, Suisse<\/p>\n","protected":false},"excerpt":{"rendered":"Les personnes pr\u00e9sentes ont manifest\u00e9 un tr\u00e8s grand int\u00e9r\u00eat pour l&rsquo;offre m\u00e9dicale du cabinet Swiss1Chirurgie \u00e0 Brigue. Ainsi, c&rsquo;est surtout le Dr J\u00f6rg Zehetner qui est all\u00e9 d&rsquo;une conversation \u00e0 l&rsquo;autre et ne s&rsquo;est pas content\u00e9 d&rsquo;informer sur l&rsquo;offre de prestations, par exemple dans le traitement chirurgical de l&rsquo;ob\u00e9sit\u00e9. C&rsquo;est ainsi que les premi\u00e8res questions individuelles sont arriv\u00e9es, accompagn\u00e9es des premiers diagnostics et de la fixation des dates des consultations et interventions \u00e0 venir. Pour tous ceux qui ont pu [&hellip;]","protected":false},"author":2,"featured_media":2457,"comment_status":"closed","ping_status":"closed","sticky":false,"template":"","format":"standard","meta":{"_acf_changed":false,"footnotes":""},"categories":[1813,875],"tags":[1512,1691,1692,1693,1496,1533],"class_list":["post-4462","post","type-post","status-publish","format-standard","has-post-thumbnail","hentry","category-archive-fr","category-non-classifiee","tag-brigue","tag-chirurgie-abdominale-et-traitements-du-reflux","tag-chirurgie-abdominale-traitements-du-reflux","tag-haut-valais","tag-swiss1chirurgie-fr","tag-valais-fr"],"acf":[],"_links":{"self":[{"href":"https:\/\/www.swiss1chirurgie.ch\/fr\/wp-json\/wp\/v2\/posts\/4462","targetHints":{"allow":["GET"]}}],"collection":[{"href":"https:\/\/www.swiss1chirurgie.ch\/fr\/wp-json\/wp\/v2\/posts"}],"about":[{"href":"https:\/\/www.swiss1chirurgie.ch\/fr\/wp-json\/wp\/v2\/types\/post"}],"author":[{"embeddable":true,"href":"https:\/\/www.swiss1chirurgie.ch\/fr\/wp-json\/wp\/v2\/users\/2"}],"replies":[{"embeddable":true,"href":"https:\/\/www.swiss1chirurgie.ch\/fr\/wp-json\/wp\/v2\/comments?post=4462"}],"version-history":[{"count":1,"href":"https:\/\/www.swiss1chirurgie.ch\/fr\/wp-json\/wp\/v2\/posts\/4462\/revisions"}],"predecessor-version":[{"id":29665,"href":"https:\/\/www.swiss1chirurgie.ch\/fr\/wp-json\/wp\/v2\/posts\/4462\/revisions\/29665"}],"wp:featuredmedia":[{"embeddable":true,"href":"https:\/\/www.swiss1chirurgie.ch\/fr\/wp-json\/"}],"wp:attachment":[{"href":"https:\/\/www.swiss1chirurgie.ch\/fr\/wp-json\/wp\/v2\/media?parent=4462"}],"wp:term":[{"taxonomy":"category","embeddable":true,"href":"https:\/\/www.swiss1chirurgie.ch\/fr\/wp-json\/wp\/v2\/categories?post=4462"},{"taxonomy":"post_tag","embeddable":true,"href":"https:\/\/www.swiss1chirurgie.ch\/fr\/wp-json\/wp\/v2\/tags?post=4462"}],"curies":[{"name":"wp","href":"https:\/\/api.w.org\/{rel}","templated":true}]}}